{"id":62898,"date":"2026-08-31T20:57:08","date_gmt":"2026-08-31T20:57:08","guid":{"rendered":"https:\/\/www.msmetalagencybrasil.com\/ptbr\/?p=62898"},"modified":"2026-08-31T20:57:08","modified_gmt":"2026-08-31T20:57:08","slug":"profira-novo-trabalho-segue-conquistando-a-midia-especializada-no-brasil","status":"publish","type":"post","link":"https:\/\/www.msmetalagencybrasil.com\/ptbr\/profira-novo-trabalho-segue-conquistando-a-midia-especializada-no-brasil\/","title":{"rendered":"PROFIRA: novo trabalho segue conquistando a m\u00eddia especializada no Brasil"},"content":{"rendered":"<p class=\"isSelectedEnd\"><img loading=\"lazy\" decoding=\"async\" class=\"size-full wp-image-62695 alignleft\" src=\"https:\/\/www.msmetalagencybrasil.com\/ptbr\/wp-content\/uploads\/2026\/07\/profira.jpg\" alt=\"\" width=\"300\" height=\"300\" \/>A excelente repercuss\u00e3o de <em>\u201cEm Nosso Lugar\u201d<\/em> vem colocando a <strong>PROFIRA<\/strong> em posi\u00e7\u00e3o de destaque entre os nomes que atualmente despertam a aten\u00e7\u00e3o da imprensa especializada brasileira. O \u00e1lbum tem recebido avalia\u00e7\u00f5es bastante positivas de diferentes ve\u00edculos, consolidando a percep\u00e7\u00e3o de que o grupo fluminense encontrou uma maneira pr\u00f3pria de unir <em>Rock<\/em>, <em>Pop Rock<\/em> e mensagens de f\u00e9, esperan\u00e7a e reflex\u00e3o social. Entre os destaques recentes est\u00e1 a resenha publicada pela The Ghost Writer Magazine, que classificou o trabalho como um dos melhores lan\u00e7amentos do ano e ressaltou sua produ\u00e7\u00e3o precisa, a clareza dos instrumentos e a identidade constru\u00edda pela banda.<\/p>\n<p class=\"isSelectedEnd\">Formada em 2014, no Rio de Janeiro, a <strong>PROFIRA<\/strong> nasceu da parceria entre Marcelo Banni e Daniel Serra, posteriormente contando com Jo\u00e3o Carlos Banni na bateria. Desde o princ\u00edpio, o projeto assumiu uma proposta autoral marcada por letras crist\u00e3s positivas, abordagens sobre desigualdade, rela\u00e7\u00f5es humanas e quest\u00f5es sociais, sem abrir m\u00e3o de uma sonoridade acess\u00edvel. A hist\u00f3ria de <em>\u201cEm Nosso Lugar\u201d<\/em> tamb\u00e9m guarda uma curiosidade interessante: a faixa come\u00e7ou de maneira bastante espont\u00e2nea, quando Marcelo Banni cantarolou algumas ideias durante uma conversa e Daniel Serra percebeu naquele esbo\u00e7o o potencial para transform\u00e1-lo em uma can\u00e7\u00e3o. O processo foi t\u00e3o natural que, segundo material publicado pelo RockStage, a composi\u00e7\u00e3o ficou pronta em menos de 20 minutos.<\/p>\n<p class=\"isSelectedEnd\">Esse car\u00e1ter espont\u00e2neo ajuda a explicar por que o disco consegue equilibrar mensagens profundas e melodias de assimila\u00e7\u00e3o imediata. Em <em>\u201cEm Nosso Lugar\u201d<\/em>, a <strong>PROFIRA<\/strong> amplia a proposta apresentada em seus primeiros lan\u00e7amentos e entrega um repert\u00f3rio que passeia por diferentes atmosferas, com destaque para <em>\u201cL\u00e1grimas nos Olhos\u201d<\/em>, <em>\u201cNada Al\u00e9m do Novo\u201d<\/em>, <em>\u201cPara Te Adorar\u201d<\/em> e a pr\u00f3pria faixa-t\u00edtulo. A forma\u00e7\u00e3o respons\u00e1vel pelas grava\u00e7\u00f5es tamb\u00e9m chama aten\u00e7\u00e3o: Marcelo Banni, Daniel Honorato, Big Hand\u2019s e Ryan Banni apresentam entrosamento apontado pela imprensa como um dos pontos fortes da obra. A avalia\u00e7\u00e3o do ReiDjou!, por exemplo, destacou a combina\u00e7\u00e3o entre <em>Rock<\/em> e <em>Pop Rock<\/em> contempor\u00e2neo e atribuiu nota 9,5 ao trabalho.<\/p>\n<p>Com essa sequ\u00eancia de avalia\u00e7\u00f5es favor\u00e1veis, <em>\u201cEm Nosso Lugar\u201d<\/em> deixa de ser apenas mais um lan\u00e7amento no cat\u00e1logo da <strong>PROFIRA<\/strong> e passa a representar um importante cart\u00e3o de visitas para a atual fase do grupo. A resposta obtida junto aos principais ve\u00edculos especializados do pa\u00eds tamb\u00e9m contribui para ampliar a visibilidade do quarteto e faz com que a banda figure entre as atuais prioridades de sua gravadora, que encontra no desempenho do \u00e1lbum um argumento s\u00f3lido para intensificar sua divulga\u00e7\u00e3o. Para um projeto que come\u00e7ou de maneira independente e vem construindo sua trajet\u00f3ria com identidade, perseveran\u00e7a e uma mensagem claramente definida, o momento confirma que a <strong>PROFIRA<\/strong> atravessa uma fase especialmente promissora.<\/p>\n<p>Para mais informa\u00e7\u00f5es sobre as atividades da banda<strong> PROFIRA<\/strong>\u00a0e dos demais artistas da empresa, basta entrar em contato com a\u00a0<strong>MS Metal Press<\/strong>\u00a0atrav\u00e9s do<em>\u00a0e-mail<\/em>\u00a0<a href=\"mailto:contato@msmetalagencybrasil.com\">contato@msmetalagencybrasil.com<\/a>.<\/p>\n","protected":false},"excerpt":{"rendered":"<p>A excelente repercuss\u00e3o de \u201cEm Nosso Lugar\u201d vem colocando a PROFIRA em posi\u00e7\u00e3o de destaque entre os nomes que atualmente despertam a aten\u00e7\u00e3o da imprensa especializada brasileira. O \u00e1lbum tem recebido avalia\u00e7\u00f5es bastante positivas de diferentes ve\u00edculos, consolidando a percep\u00e7\u00e3o de que o grupo fluminense encontrou uma maneira pr\u00f3pria de unir Rock, Pop Rock e [&hellip;]<\/p>\n","protected":false},"author":1,"featured_media":62695,"comment_status":"closed","ping_status":"closed","sticky":false,"template":"","format":"standard","meta":{"footnotes":""},"categories":[13],"tags":[],"class_list":["post-62898","post","type-post","status-publish","format-standard","has-post-thumbnail","hentry","category-news"],"views":11,"_links":{"self":[{"href":"https:\/\/www.msmetalagencybrasil.com\/ptbr\/wp-json\/wp\/v2\/posts\/62898","targetHints":{"allow":["GET"]}}],"collection":[{"href":"https:\/\/www.msmetalagencybrasil.com\/ptbr\/wp-json\/wp\/v2\/posts"}],"about":[{"href":"https:\/\/www.msmetalagencybrasil.com\/ptbr\/wp-json\/wp\/v2\/types\/post"}],"author":[{"embeddable":true,"href":"https:\/\/www.msmetalagencybrasil.com\/ptbr\/wp-json\/wp\/v2\/users\/1"}],"replies":[{"embeddable":true,"href":"https:\/\/www.msmetalagencybrasil.com\/ptbr\/wp-json\/wp\/v2\/comments?post=62898"}],"version-history":[{"count":1,"href":"https:\/\/www.msmetalagencybrasil.com\/ptbr\/wp-json\/wp\/v2\/posts\/62898\/revisions"}],"predecessor-version":[{"id":62899,"href":"https:\/\/www.msmetalagencybrasil.com\/ptbr\/wp-json\/wp\/v2\/posts\/62898\/revisions\/62899"}],"wp:featuredmedia":[{"embeddable":true,"href":"https:\/\/www.msmetalagencybrasil.com\/ptbr\/wp-json\/wp\/v2\/media\/62695"}],"wp:attachment":[{"href":"https:\/\/www.msmetalagencybrasil.com\/ptbr\/wp-json\/wp\/v2\/media?parent=62898"}],"wp:term":[{"taxonomy":"category","embeddable":true,"href":"https:\/\/www.msmetalagencybrasil.com\/ptbr\/wp-json\/wp\/v2\/categories?post=62898"},{"taxonomy":"post_tag","embeddable":true,"href":"https:\/\/www.msmetalagencybrasil.com\/ptbr\/wp-json\/wp\/v2\/tags?post=62898"}],"curies":[{"name":"wp","href":"https:\/\/api.w.org\/{rel}","templated":true}]}}