{"id":62906,"date":"2026-08-31T21:42:04","date_gmt":"2026-08-31T21:42:04","guid":{"rendered":"https:\/\/www.msmetalagencybrasil.com\/ptbr\/?p=62906"},"modified":"2026-09-01T16:38:10","modified_gmt":"2026-09-01T16:38:10","slug":"bruthus-confirmado-seu-primeiro-show-em-marica-rio-de-janeiro","status":"publish","type":"post","link":"https:\/\/www.msmetalagencybrasil.com\/ptbr\/bruthus-confirmado-seu-primeiro-show-em-marica-rio-de-janeiro\/","title":{"rendered":"BRUTHUS: confirmado seu primeiro show em Maric\u00e1, Rio de Janeiro"},"content":{"rendered":"<p class=\"PDq2pG_selectionAnchorContainer\" data-start=\"39\" data-end=\"697\"><img loading=\"lazy\" decoding=\"async\" class=\"size-medium wp-image-12738 alignleft\" src=\"https:\/\/ghostwritermagazine.com.br\/wp-content\/uploads\/2026\/08\/Sem-titulo-8-402x500.jpg\" sizes=\"auto, (max-width: 402px) 100vw, 402px\" srcset=\"https:\/\/ghostwritermagazine.com.br\/wp-content\/uploads\/2026\/08\/Sem-titulo-8-402x500.jpg 402w, https:\/\/ghostwritermagazine.com.br\/wp-content\/uploads\/2026\/08\/Sem-titulo-8-823x1024.jpg 823w, https:\/\/ghostwritermagazine.com.br\/wp-content\/uploads\/2026\/08\/Sem-titulo-8-768x955.jpg 768w, https:\/\/ghostwritermagazine.com.br\/wp-content\/uploads\/2026\/08\/Sem-titulo-8.jpg 1001w\" alt=\"\" width=\"402\" height=\"500\" \/>A <strong data-start=\"41\" data-end=\"52\">BRUTHUS<\/strong> se prepara para um momento especial em sua trajet\u00f3ria: no dia 6 de setembro, a banda far\u00e1 seu primeiro <em>show<\/em> em Maric\u00e1\/RJ, integrando a programa\u00e7\u00e3o comemorativa dos tr\u00eas anos do projeto Autoral em Foco. A apresenta\u00e7\u00e3o acontecer\u00e1 no <span class=\"contents\" data-content-reference-start=\"260\" data-content-reference-end=\"304\"><span class=\"\" data-state=\"closed\"><span class=\"hover:entity-accent entity-underline inline cursor-pointer align-baseline\"><span class=\"whitespace-normal\">Skull Beer Bar<\/span><\/span><\/span><\/span>, na Avenida Carlos Mariguella, em Itaipua\u00e7u, a partir das 13h, com entrada gratuita. A celebra\u00e7\u00e3o tamb\u00e9m marca uma nova oportunidade para o p\u00fablico conhecer ao vivo a for\u00e7a do trio de Nova Friburgo, que vem ampliando sua presen\u00e7a por diferentes cidades do estado do Rio de Janeiro. O evento ainda ter\u00e1 car\u00e1ter solid\u00e1rio, com arrecada\u00e7\u00e3o de ra\u00e7\u00e3o para animais.<\/p>\n<p data-start=\"699\" data-end=\"1385\">Formada em 2017 por amigos que j\u00e1 compartilhavam uma longa rela\u00e7\u00e3o, a <strong data-start=\"769\" data-end=\"780\">BRUTHUS<\/strong> surgiu com uma proposta bastante definida: fazer m\u00fasica autoral pesada, em portugu\u00eas, sem abrir m\u00e3o de profissionalismo e divers\u00e3o. Em entrevista ao Cultura em Peso, a banda contou que a ideia nasceu justamente do desejo de <em>\u201cfazer um som pesado e em portugu\u00eas\u201d<\/em>, abordando situa\u00e7\u00f5es do cotidiano e mantendo viva a chama do autoral no Brasil. A escolha pelo idioma tamb\u00e9m se tornou uma caracter\u00edstica marcante do grupo, j\u00e1 que, segundo os pr\u00f3prios m\u00fasicos, facilita a comunica\u00e7\u00e3o com o p\u00fablico e faz com que os refr\u00f5es sejam rapidamente assimilados durante os <em>shows<\/em>.<\/p>\n<p data-start=\"1387\" data-end=\"2184\">Outra curiosidade est\u00e1 na maneira como o primeiro \u00e1lbum, <em>\u201cComigo N\u00e3o\u201d<\/em>, foi constru\u00eddo. As m\u00fasicas come\u00e7aram a ser desenvolvidas ainda nos primeiros ensaios e, antes da grava\u00e7\u00e3o oficial, uma demo chegou a ser compartilhada faixa a faixa entre amigos por grupos de WhatsApp. O disco acabou registrado em apenas um fim de semana, no Fus\u00e3o Studios, sob produ\u00e7\u00e3o de Thiago Bianchi, que, al\u00e9m de captar a personalidade da forma\u00e7\u00e3o, participou dos coros e sugeriu o pr\u00f3prio t\u00edtulo do trabalho. Em entrevista mais recente, os integrantes tamb\u00e9m revelaram que a composi\u00e7\u00e3o continua sendo um processo coletivo, com todos Eduardo Peixe e Alexandre Sorin desenvolvendo as estruturas das bases instrumentais, letras, linhas e arranjos.<\/p>\n<p data-start=\"2186\" data-end=\"3126\" data-is-last-node=\"\" data-is-only-node=\"\">Para a chegada a Maric\u00e1, a expectativa \u00e9 de uma tarde especialmente movimentada: al\u00e9m da <strong data-start=\"2275\" data-end=\"2286\">BRUTHUS<\/strong>, o palco reunir\u00e1 <strong data-start=\"2304\" data-end=\"2368\">Onvecna<\/strong>,<strong data-start=\"2304\" data-end=\"2368\"> Pavio<\/strong>,<strong data-start=\"2304\" data-end=\"2368\"> Resto<\/strong>,<strong data-start=\"2304\" data-end=\"2368\"> Imundos<\/strong>,<strong data-start=\"2304\" data-end=\"2368\"> Ambstract<\/strong>,<strong data-start=\"2304\" data-end=\"2368\"> Loko<\/strong> e <strong data-start=\"2304\" data-end=\"2368\">Risca Faca<\/strong>, totalizando oito atra\u00e7\u00f5es em uma programa\u00e7\u00e3o dedicada \u00e0 m\u00fasica autoral. O grupo, que j\u00e1 declarou em entrevistas gostar especialmente da experi\u00eancia de tocar ao vivo e de conhecer novas cidades, ter\u00e1 a oportunidade de apresentar ao p\u00fa<em>blico maricaense sua mistura de Metal, Rock, Crossover e Thrash, vertentes que aparecem com diferentes intensidades em seu repert\u00f3rio. O recente retorno positivo da imprensa a faixas como \u201cLadr\u00e3o\u201d<\/em> e <em>\u201cSexta-Feira\u201d<\/em>, avaliadas com notas 8,0 e 8,5, respectivamente, refor\u00e7a o bom momento vivido pelo quarteto. Agora, a miss\u00e3o \u00e9 levar essa energia para o palco do Skull Beer e celebrar, junto ao p\u00fablico, tr\u00eas anos de Autoral em Foco, em uma iniciativa que ainda une m\u00fasica e solidariedade.<\/p>\n<p data-start=\"2186\" data-end=\"3126\" data-is-last-node=\"\" data-is-only-node=\"\">Para mais informa\u00e7\u00f5es sobre as atividades da banda<strong>\u00a0<\/strong><strong data-start=\"2275\" data-end=\"2286\">BRUTHUS<\/strong> e dos demais artistas da empresa, basta entrar em contato com a\u00a0<strong>MS Metal Press<\/strong>\u00a0atrav\u00e9s do<em>\u00a0e-mail<\/em>\u00a0<a href=\"mailto:contato@msmetalagencybrasil.com\">contato@msmetalagencybrasil.com<\/a>.<\/p>\n","protected":false},"excerpt":{"rendered":"<p>A BRUTHUS se prepara para um momento especial em sua trajet\u00f3ria: no dia 6 de setembro, a banda far\u00e1 seu primeiro show em Maric\u00e1\/RJ, integrando a programa\u00e7\u00e3o comemorativa dos tr\u00eas anos do projeto Autoral em Foco. A apresenta\u00e7\u00e3o acontecer\u00e1 no Skull Beer Bar, na Avenida Carlos Mariguella, em Itaipua\u00e7u, a partir das 13h, com entrada [&hellip;]<\/p>\n","protected":false},"author":1,"featured_media":62504,"comment_status":"closed","ping_status":"closed","sticky":false,"template":"","format":"standard","meta":{"footnotes":""},"categories":[13],"tags":[],"class_list":["post-62906","post","type-post","status-publish","format-standard","has-post-thumbnail","hentry","category-news"],"views":17,"_links":{"self":[{"href":"https:\/\/www.msmetalagencybrasil.com\/ptbr\/wp-json\/wp\/v2\/posts\/62906","targetHints":{"allow":["GET"]}}],"collection":[{"href":"https:\/\/www.msmetalagencybrasil.com\/ptbr\/wp-json\/wp\/v2\/posts"}],"about":[{"href":"https:\/\/www.msmetalagencybrasil.com\/ptbr\/wp-json\/wp\/v2\/types\/post"}],"author":[{"embeddable":true,"href":"https:\/\/www.msmetalagencybrasil.com\/ptbr\/wp-json\/wp\/v2\/users\/1"}],"replies":[{"embeddable":true,"href":"https:\/\/www.msmetalagencybrasil.com\/ptbr\/wp-json\/wp\/v2\/comments?post=62906"}],"version-history":[{"count":3,"href":"https:\/\/www.msmetalagencybrasil.com\/ptbr\/wp-json\/wp\/v2\/posts\/62906\/revisions"}],"predecessor-version":[{"id":62918,"href":"https:\/\/www.msmetalagencybrasil.com\/ptbr\/wp-json\/wp\/v2\/posts\/62906\/revisions\/62918"}],"wp:featuredmedia":[{"embeddable":true,"href":"https:\/\/www.msmetalagencybrasil.com\/ptbr\/wp-json\/wp\/v2\/media\/62504"}],"wp:attachment":[{"href":"https:\/\/www.msmetalagencybrasil.com\/ptbr\/wp-json\/wp\/v2\/media?parent=62906"}],"wp:term":[{"taxonomy":"category","embeddable":true,"href":"https:\/\/www.msmetalagencybrasil.com\/ptbr\/wp-json\/wp\/v2\/categories?post=62906"},{"taxonomy":"post_tag","embeddable":true,"href":"https:\/\/www.msmetalagencybrasil.com\/ptbr\/wp-json\/wp\/v2\/tags?post=62906"}],"curies":[{"name":"wp","href":"https:\/\/api.w.org\/{rel}","templated":true}]}}